{"id":12613,"date":"2024-11-15T17:11:08","date_gmt":"2024-11-15T16:11:08","guid":{"rendered":"https:\/\/iicbuenosaires.esteri.it\/news\/dall_istituto\/2024\/11\/aperta-la-convocatoria-per-partecipare-alla-nuova-edizione-della-residenza-per-scrittori-del-malba-rem\/"},"modified":"2024-12-13T14:57:34","modified_gmt":"2024-12-13T13:57:34","slug":"aperta-la-convocatoria-per-partecipare-alla-nuova-edizione-della-residenza-per-scrittori-del-malba-rem","status":"publish","type":"post","link":"https:\/\/iicbuenosaires.esteri.it\/es\/news\/dall_istituto\/2024\/11\/aperta-la-convocatoria-per-partecipare-alla-nuova-edizione-della-residenza-per-scrittori-del-malba-rem\/","title":{"rendered":"Abierta la convocatoria para participar de una nueva edici\u00f3n de la Residencia de Escritores Malba &#8211; REM."},"content":{"rendered":"<p>El <strong>Instituto Italiano de Cultura de Buenos Aires<\/strong>, en conjunto con el <strong>Malba, Museo de Arte Latinoamericana de Buenos Aires <\/strong>anuncian la convocatoria 2024 para la Residencia de Escritores Malba (REM). \u00a0La REM propone una experiencia urbana que permite el contacto con diversas manifestaciones culturales de la ciudad. Su programa cuenta con una agenda de actividades y eventos que se desarrollan anualmente con el fin de promover la creaci\u00f3n de redes de trabajo entre autores, editores locales y escritores invitados y propiciar la colaboraci\u00f3n art\u00edstica.<\/p>\n<p><strong>La convocatoria se encuentra abierta hasta el 18 de diciembre 2024 en la p\u00e1gina de la REM.<\/strong><\/p>\n<p>Para informarse sobre los requisititos, postularse y participar de la convocatoria: <a href=\"https:\/\/rem.malba.org.ar\/aplicar\/\">https:\/\/rem.malba.org.ar\/aplicar\/<\/a><\/p>\n<p><a href=\"https:\/\/iicbuenosaires.esteri.it\/wp-content\/uploads\/2024\/11\/pres_ital-corretto-def._compressed.pdf\">M\u00e1s informaci\u00f3n<\/a><\/p>\n<p>La Residencia de Escritores Malba (REM) est\u00e1 dirigida a escritores extranjeros que quieran ampliar su desarrollo art\u00edstico y profesional, viviendo cinco semanas en la Ciudad de Buenos Aires. Las residencias se realizar\u00e1n durante los meses de abril, junio, agosto, septiembre y noviembre 2025.<\/p>\n<p>Este proyecto de colaboraci\u00f3n permitir\u00e1 la participaci\u00f3n de escritores italianos en una beca exclusiva y cumplir\u00e1 con uno de los objetivos principales de la Residencia de Escritores de Malba: la consolidaci\u00f3n de lazos culturales entre las naciones.<\/p>\n","protected":false},"excerpt":{"rendered":"El Instituto Italiano de Cultura de Buenos Aires, en conjunto con el Malba, Museo de Arte Latinoamericana de Buenos Aires anuncian la convocatoria 2024 para la Residencia de Escritores Malba (REM). \u00a0La REM propone una experiencia urbana que permite el contacto con diversas manifestaciones culturales de la ciudad. Su programa cuenta con una agenda de [&hellip;]","protected":false},"author":7,"featured_media":13472,"comment_status":"closed","ping_status":"closed","sticky":false,"template":"","format":"standard","meta":{"footnotes":""},"tags":[11],"class_list":["post-12613","post","type-post","status-publish","format-standard","has-post-thumbnail","hentry","tag-diplomazia-culturale"],"_links":{"self":[{"href":"https:\/\/iicbuenosaires.esteri.it\/es\/wp-json\/wp\/v2\/posts\/12613","targetHints":{"allow":["GET"]}}],"collection":[{"href":"https:\/\/iicbuenosaires.esteri.it\/es\/wp-json\/wp\/v2\/posts"}],"about":[{"href":"https:\/\/iicbuenosaires.esteri.it\/es\/wp-json\/wp\/v2\/types\/post"}],"author":[{"embeddable":true,"href":"https:\/\/iicbuenosaires.esteri.it\/es\/wp-json\/wp\/v2\/users\/7"}],"replies":[{"embeddable":true,"href":"https:\/\/iicbuenosaires.esteri.it\/es\/wp-json\/wp\/v2\/comments?post=12613"}],"version-history":[{"count":2,"href":"https:\/\/iicbuenosaires.esteri.it\/es\/wp-json\/wp\/v2\/posts\/12613\/revisions"}],"predecessor-version":[{"id":13478,"href":"https:\/\/iicbuenosaires.esteri.it\/es\/wp-json\/wp\/v2\/posts\/12613\/revisions\/13478"}],"wp:featuredmedia":[{"embeddable":true,"href":"https:\/\/iicbuenosaires.esteri.it\/es\/wp-json\/wp\/v2\/media\/13472"}],"wp:attachment":[{"href":"https:\/\/iicbuenosaires.esteri.it\/es\/wp-json\/wp\/v2\/media?parent=12613"}],"wp:term":[{"taxonomy":"post_tag","embeddable":true,"href":"https:\/\/iicbuenosaires.esteri.it\/es\/wp-json\/wp\/v2\/tags?post=12613"}],"curies":[{"name":"wp","href":"https:\/\/api.w.org\/{rel}","templated":true}]}}