{"id":18987,"date":"2025-10-16T16:42:25","date_gmt":"2025-10-16T14:42:25","guid":{"rendered":"https:\/\/iicbuenosaires.esteri.it\/?p=18987"},"modified":"2025-10-16T16:43:09","modified_gmt":"2025-10-16T14:43:09","slug":"comienza-la-xxv-semana-de-la-lengua-italiana-en-el-mundo","status":"publish","type":"post","link":"https:\/\/iicbuenosaires.esteri.it\/es\/news\/dall_istituto\/2025\/10\/comienza-la-xxv-semana-de-la-lengua-italiana-en-el-mundo\/","title":{"rendered":"Comienza la XXV Semana de la Lengua Italiana en el Mundo"},"content":{"rendered":"<p><strong>19\u201331 de octubre de 2025 | Tema: \u201cItalofon\u00eda: lengua m\u00e1s all\u00e1 de las fronteras\u201d<\/strong><\/p>\n<p>Comienza la <strong>XXV edici\u00f3n de la Semana de la Lengua Italiana en el Mundo (SLIM)<\/strong>, la iniciativa promovida anualmente durante el mes de octubre para valorizar y difundir la lengua italiana en el extranjero.<br \/>\nLa edici\u00f3n 2025 est\u00e1 dedicada al tema <strong>\u201cItalofon\u00eda: lengua m\u00e1s all\u00e1 de las fronteras\u201d<\/strong>, con el objetivo de celebrar el espacio ling\u00fc\u00edstico, cultural y social del italiano en el mundo, imaginando una comunidad global unida por la pasi\u00f3n por nuestra lengua y el v\u00ednculo con Italia.<\/p>\n<p><strong>Primeros dos eventos en programa:<\/strong><\/p>\n<p><strong>19 de octubre \u2013 19:00 h | Teatro Coliseo<\/strong><br \/>\n<strong>TARANTA D\u2019AMORE de Ambrogio Sparagna<\/strong><br \/>\nPrimer evento organizado por el Instituto Italiano de Cultura para esta edici\u00f3n de la SLIM: un espect\u00e1culo musical vibrante que pone en escena la tradici\u00f3n popular italiana a trav\u00e9s de la voz y la energ\u00eda de Ambrogio Sparagna.<\/p>\n<p><a href=\"https:\/\/iicbuenosaires.esteri.it\/es\/gli_eventi\/calendario\/espectaculo-taranta-damore\/\">Descubr\u00ed m\u00e1s<\/a><\/p>\n<p><strong>20 de octubre \u2013 18:00 h | Museo Nacional de Arte Decorativo<\/strong><br \/>\n<strong>Inauguraci\u00f3n de la muestra \u201cViaggio in Italia. La edad de oro del afiche tur\u00edstico italiano (1920-1950)\u201d<\/strong><br \/>\nUna exposici\u00f3n \u00fanica que re\u00fane una prestigiosa selecci\u00f3n de afiches de \u00e9poca de la colecci\u00f3n de Alessandro Bellenda, curada por el arquitecto Alberto Squarcia (Studio Archeo900). El evento est\u00e1 organizado en colaboraci\u00f3n con el Museo Nacional de Arte Decorativo.<\/p>\n<p><a href=\"https:\/\/iicbuenosaires.esteri.it\/es\/gli_eventi\/calendario\/muestra-viaggio-in-italia-la-edad-de-oro-del-afiche-turistico-italiano-1920-1950\/\">Descubr\u00ed m\u00e1s<\/a><\/p>\n<p><strong>Programaci\u00f3n completa de octubre:<\/strong><\/p>\n<p><a href=\"https:\/\/iicbuenosaires.esteri.it\/it\/news\/dall_istituto\/2025\/10\/ottobre-alliic-cultura-italiana-tra-musica-cinema-e-grandi-mostre\/\">Descubr\u00ed m\u00e1s sobre la programaci\u00f3n completa del Instituto Italiano de Cultura de Buenos Aires.<\/a><\/p>\n","protected":false},"excerpt":{"rendered":"19\u201331 de octubre de 2025 | Tema: \u201cItalofon\u00eda: lengua m\u00e1s all\u00e1 de las fronteras\u201d Comienza la XXV edici\u00f3n de la Semana de la Lengua Italiana en el Mundo (SLIM), la iniciativa promovida anualmente durante el mes de octubre para valorizar y difundir la lengua italiana en el extranjero. La edici\u00f3n 2025 est\u00e1 dedicada al tema [&hellip;]","protected":false},"author":7,"featured_media":18981,"comment_status":"closed","ping_status":"closed","sticky":false,"template":"","format":"standard","meta":{"footnotes":""},"tags":[11,5],"class_list":["post-18987","post","type-post","status-publish","format-standard","has-post-thumbnail","hentry","tag-diplomazia-culturale","tag-settimana-della-lingua-italiana-nel-mondo"],"_links":{"self":[{"href":"https:\/\/iicbuenosaires.esteri.it\/es\/wp-json\/wp\/v2\/posts\/18987","targetHints":{"allow":["GET"]}}],"collection":[{"href":"https:\/\/iicbuenosaires.esteri.it\/es\/wp-json\/wp\/v2\/posts"}],"about":[{"href":"https:\/\/iicbuenosaires.esteri.it\/es\/wp-json\/wp\/v2\/types\/post"}],"author":[{"embeddable":true,"href":"https:\/\/iicbuenosaires.esteri.it\/es\/wp-json\/wp\/v2\/users\/7"}],"replies":[{"embeddable":true,"href":"https:\/\/iicbuenosaires.esteri.it\/es\/wp-json\/wp\/v2\/comments?post=18987"}],"version-history":[{"count":1,"href":"https:\/\/iicbuenosaires.esteri.it\/es\/wp-json\/wp\/v2\/posts\/18987\/revisions"}],"predecessor-version":[{"id":18990,"href":"https:\/\/iicbuenosaires.esteri.it\/es\/wp-json\/wp\/v2\/posts\/18987\/revisions\/18990"}],"wp:featuredmedia":[{"embeddable":true,"href":"https:\/\/iicbuenosaires.esteri.it\/es\/wp-json\/wp\/v2\/media\/18981"}],"wp:attachment":[{"href":"https:\/\/iicbuenosaires.esteri.it\/es\/wp-json\/wp\/v2\/media?parent=18987"}],"wp:term":[{"taxonomy":"post_tag","embeddable":true,"href":"https:\/\/iicbuenosaires.esteri.it\/es\/wp-json\/wp\/v2\/tags?post=18987"}],"curies":[{"name":"wp","href":"https:\/\/api.w.org\/{rel}","templated":true}]}}