{"id":21026,"date":"2026-01-30T14:03:10","date_gmt":"2026-01-30T13:03:10","guid":{"rendered":"https:\/\/iicbuenosaires.esteri.it\/?p=21026"},"modified":"2026-02-03T17:14:22","modified_gmt":"2026-02-03T16:14:22","slug":"inicio-del-ciclo-de-lectura-de-la-divina-comedia-en-italiano","status":"publish","type":"post","link":"https:\/\/iicbuenosaires.esteri.it\/es\/news\/dall_istituto\/2026\/01\/inicio-del-ciclo-de-lectura-de-la-divina-comedia-en-italiano\/","title":{"rendered":"Inicio del ciclo de lectura de la Divina Comedia en italiano"},"content":{"rendered":"<p>\u00a1Vuelve el ciclo de lectura de la <em>Divina Comedia<\/em> <strong>en italiano<\/strong> a cargo de la <strong>profesora Claudia Fern\u00e1ndez<\/strong>!<\/p>\n<p>La lectura en italiano comentada por la profesora Fern\u00e1ndez, este a\u00f1o, tratar\u00e1 el <strong>Infierno<\/strong>. La <strong>Lectura Dantis<\/strong> inicia el jueves <strong>5 de marzo<\/strong> a las 14:00 horas y finaliza en diciembre, los encuentros son todos los jueves en la Sala Benedetto Croce del IIC (Marcelo T. De Alvear 1119, 3.\u00ba piso).<\/p>\n<p>Al igual que el a\u00f1o pasado, esta edici\u00f3n es <strong>exclusiva para los socios<\/strong> del Instituto. Si a\u00fan no sos socio, acced\u00e9 al enlace d\u00f3de encontrar\u00e1s toda la informaci\u00f3n necesaria para asociarte <a href=\"https:\/\/iicbuenosaires.esteri.it\/es\/chi-siamo\/la-sede\/asociarse-al-instituto\/\">https:\/\/iicbuenosaires.esteri.it\/it\/chi-siamo\/la-sede\/diventare-soci\/<\/a> , tambi\u00e9n pod\u00e9s hacerlo personalmente de lunes a jueves de 9:30 a 13:30 y de 14:30 a 16:30 en nuestra biblioteca.<\/p>\n<p>A continuaci\u00f3n te compartimos el calendario del ciclo para la primera mitad del a\u00f1o.<\/p>\n<p>\u00a1Te esperamos!<\/p>\n<p><strong>Jueves 5 de marzo<\/strong><\/p>\n<p>Introducci\u00f3n a la lectura.<\/p>\n<p>El mundo de Dante: el contexto socio-cultural, el simbolismo medieval, la literatura italiana del siglo XIII, la situaci\u00f3n ling\u00fc\u00edstica de Italia en el siglo XIV. Las obras menores y el poema sacro. Dante \u201cpadre de la lengua italiana\u201d. Dante poeta, narrador, fil\u00f3sofo, te\u00f3logo. La lectura de la Comedia en el tiempo. Dante en Argentina.<\/p>\n<p><strong>Jueves 12 de marzo<\/strong><\/p>\n<p><em>Infierno <\/em>I. Dante en la selva. Las tres fieras. La llegada providencial de Virgilio. Presentaci\u00f3n de Dante como personaje-poeta y como personaje-peregrino, y de los distintos niveles de lectura. Plan de toda la obra.<\/p>\n<p><strong>Jueves 19 de marzo<\/strong><\/p>\n<p><em>Inferno <\/em>II. Pusilanimidad de Dante y respuesta de Virgilio. Las tradiciones de Eneas y Pablo. La intervenci\u00f3n de Beatriz.<\/p>\n<p><strong>Jueves 26 de marzo<\/strong><\/p>\n<p><em>Infierno <\/em>III. El ingreso al Infierno. Los \u201ctibios\u201d: el primer contrappasso. La profec\u00eda de Caronte.<\/p>\n<p><strong>Jueves 9 de abril<\/strong><\/p>\n<p><em>Inferno <\/em>IV. El Limbo, primer c\u00edrculo del Infierno. El noble castillo de los grandes esp\u00edritus paganos.<\/p>\n<p><strong>Jueves 16 de abril<\/strong><\/p>\n<p><em>Infierno <\/em>V. Segundo c\u00edrculo. El encuentro con Paolo y Francesca. Lujuria y literatura cort\u00e9s.<\/p>\n<p><strong>Jueves 23 de abril<\/strong><\/p>\n<p><em>Infierno <\/em>VI. Tercer c\u00edrculo: los golosos. Primera profec\u00eda sobre el futuro pol\u00edtico de Florencia.<\/p>\n<p><strong>Jueves 30 de mayo<\/strong><\/p>\n<p><em>Infierno <\/em>VII. Cuarto c\u00edrculo: avaros y pr\u00f3digos. Quinto c\u00edrculo: la laguna Stigia. Iracundos y acediosos.<\/p>\n<p><strong>Jueves 7 de mayo<\/strong><\/p>\n<p><em>Infierno <\/em>VIII. Filippo Argenti. Las murallas de la ciudad de Dite. Malestar de Virgilio, miedo de Dante.<\/p>\n<p><strong>Jueves 14 de mayo<\/strong><\/p>\n<p><em>Infierno <\/em>IX. Las tres furias y la Medusa. La llegada del enviado celestial. Ingreso a Dite.<\/p>\n<p><strong>Jueves 21 de mayo<\/strong><\/p>\n<p><em>Infierno <\/em>X. Sexto c\u00edrculo. Farinata degli Uberti, cavalcante Cavalcanti. Profec\u00eda de Farinata. El conocimiento del futuro por parte de las almas.<\/p>\n<p><strong>Jueves 28 de mayo<\/strong><\/p>\n<p><em>Infierno <\/em>XI. El orden y la clasificaci\u00f3n de los pecados del Infierno. Tradici\u00f3n aristot\u00e9lica e innovaciones de Dante. Lugares de interpretaci\u00f3n problem\u00e1tica del poema.<\/p>\n<p><strong>Jueves 4 de junio<\/strong><\/p>\n<p><em>Infierno <\/em>XII. El Minotauro. S\u00e9ptimo c\u00edrculo. Los violentos contra el pr\u00f3jimo.<\/p>\n<p><strong>Jueves 11 de junio<\/strong><\/p>\n<p><em>Infierno <\/em>XIII. Los violentos contra s\u00ed mismos. La selva de los desesperados. Pier de la Vi\u00f1a. Los depredadores..<\/p>\n<p><strong>Jueves 18 de junio<\/strong><\/p>\n<p><em>Infierno<\/em> XIV. El desierto y la lluvia de fuego. Capaneo. El Viejo de Creta y el origen de los r\u00edos infernales.<\/p>\n<p><strong>Jueves 25 de junio<\/strong><\/p>\n<p><em>Inferno <\/em>XV. I violenti contro natura. L`incontro con il maestro Brunetto Latini. Chierici e letterati sodomiti.<\/p>\n<p><strong>VACANZE D`INVERNO \/ <\/strong><strong><em>VACACIONES DE INVIERNO<\/em><\/strong><\/p>\n<p><strong>Las fechas de la segunda mitad del ciclo se publicar\u00e1n m\u00e1s adelante.<\/strong><\/p>\n<p>&nbsp;<\/p>\n<p>&nbsp;<\/p>\n<p>&nbsp;<\/p>\n","protected":false},"excerpt":{"rendered":"\u00a1Vuelve el ciclo de lectura de la Divina Comedia en italiano a cargo de la profesora Claudia Fern\u00e1ndez! La lectura en italiano comentada por la profesora Fern\u00e1ndez, este a\u00f1o, tratar\u00e1 el Infierno. La Lectura Dantis inicia el jueves 5 de marzo a las 14:00 horas y finaliza en diciembre, los encuentros son todos los jueves [&hellip;]","protected":false},"author":7,"featured_media":21073,"comment_status":"closed","ping_status":"closed","sticky":false,"template":"","format":"standard","meta":{"footnotes":""},"tags":[11],"class_list":["post-21026","post","type-post","status-publish","format-standard","has-post-thumbnail","hentry","tag-diplomazia-culturale"],"_links":{"self":[{"href":"https:\/\/iicbuenosaires.esteri.it\/es\/wp-json\/wp\/v2\/posts\/21026","targetHints":{"allow":["GET"]}}],"collection":[{"href":"https:\/\/iicbuenosaires.esteri.it\/es\/wp-json\/wp\/v2\/posts"}],"about":[{"href":"https:\/\/iicbuenosaires.esteri.it\/es\/wp-json\/wp\/v2\/types\/post"}],"author":[{"embeddable":true,"href":"https:\/\/iicbuenosaires.esteri.it\/es\/wp-json\/wp\/v2\/users\/7"}],"replies":[{"embeddable":true,"href":"https:\/\/iicbuenosaires.esteri.it\/es\/wp-json\/wp\/v2\/comments?post=21026"}],"version-history":[{"count":2,"href":"https:\/\/iicbuenosaires.esteri.it\/es\/wp-json\/wp\/v2\/posts\/21026\/revisions"}],"predecessor-version":[{"id":21049,"href":"https:\/\/iicbuenosaires.esteri.it\/es\/wp-json\/wp\/v2\/posts\/21026\/revisions\/21049"}],"wp:featuredmedia":[{"embeddable":true,"href":"https:\/\/iicbuenosaires.esteri.it\/es\/wp-json\/wp\/v2\/media\/21073"}],"wp:attachment":[{"href":"https:\/\/iicbuenosaires.esteri.it\/es\/wp-json\/wp\/v2\/media?parent=21026"}],"wp:term":[{"taxonomy":"post_tag","embeddable":true,"href":"https:\/\/iicbuenosaires.esteri.it\/es\/wp-json\/wp\/v2\/tags?post=21026"}],"curies":[{"name":"wp","href":"https:\/\/api.w.org\/{rel}","templated":true}]}}