{"id":22527,"date":"2026-04-22T17:47:38","date_gmt":"2026-04-22T15:47:38","guid":{"rendered":"https:\/\/iicbuenosaires.esteri.it\/?p=22527"},"modified":"2026-04-23T18:53:00","modified_gmt":"2026-04-23T16:53:00","slug":"el-instituto-italiano-de-cultura-de-buenos-aires-en-la-50-a-feria-internacional-del-libro","status":"publish","type":"post","link":"https:\/\/iicbuenosaires.esteri.it\/es\/news\/dall_istituto\/2026\/04\/el-instituto-italiano-de-cultura-de-buenos-aires-en-la-50-a-feria-internacional-del-libro\/","title":{"rendered":"El Instituto Italiano de Cultura de Buenos Aires en la 50.\u00aa Feria Internacional del Libro"},"content":{"rendered":"<p>El <strong>Istituto Italiano di Cultura de Buenos Aires<\/strong> participa en la 50.\u00aa edici\u00f3n de la <strong>Feria Internacional del Libro de Buenos Aires<\/strong> con un stand concebido como un espacio din\u00e1mico de encuentro, descubrimiento y di\u00e1logo entre Italia y Argentina.<\/p>\n<p>El tema visual del stand ser\u00e1 <strong>Las aventuras de Pinocho<\/strong>, la c\u00e9lebre novela de <strong>Carlo Collodi<\/strong>, elegida con motivo del bicentenario de su nacimiento: un hilo conductor que guiar\u00e1 al p\u00fablico a trav\u00e9s de un recorrido capaz de entrelazar literatura, lengua e imaginario, ofreciendo m\u00faltiples formas de acceso a la cultura italiana.<\/p>\n<p>Durante la Feria, el Instituto ofrecer\u00e1 un amplio programa de actividades gratuitas en su <strong>stand 823 (Pabell\u00f3n Verde)<\/strong>, que se desarrollar\u00e1 a trav\u00e9s de una participaci\u00f3n conjunta de los representantes del Sistema Italia en Argentina, con el aporte de numerosas instituciones culturales y acad\u00e9micas dedicadas a la difusi\u00f3n de la lengua y la cultura italiana: lecturas y encuentros en homenaje a escritores italianos, presentaciones de libros y audiolibros, espacios de profundizaci\u00f3n sobre la oferta educativa del Instituto, talleres de dibujo para chicos, exposiciones editoriales y mucho m\u00e1s.<\/p>\n<p>El stand ser\u00e1 adem\u00e1s un punto de referencia para quienes deseen acercarse a la lengua y la cultura italiana: habr\u00e1 informaci\u00f3n sobre los cursos del Instituto, se podr\u00e1n realizar tests de nivel y acceder a condiciones promocionales para la inscripci\u00f3n al Club de Lectura.<\/p>\n<p>Entre los eventos destacados, se se\u00f1ala especialmente la <a href=\"https:\/\/iicbuenosaires.esteri.it\/es\/gli_eventi\/calendario\/andrea-bajani-invitado-especial-del-dia-de-italia-en-la-50a-feria-internacional-del-libro-de-buenos-aires\/\"><strong>Jornada de Italia<\/strong><\/a>, prevista para el viernes <strong>24 de abril a las 19<\/strong> <strong>h<\/strong> en la Sala Victoria Ocampo, con la presentaci\u00f3n de la novela <em>L\u2019anniversario<\/em> del escritor italiano <strong>Andrea Bajani<\/strong>, ganador del Premio Strega 2025. El autor dialogar\u00e1 con la escritora y periodista argentina <strong>Leila Guerriero<\/strong>.<\/p>\n<p>Entre las actividades destacadas en el stand se encuentran la conferencia del profesor Ricardo Manetti dedicada a <strong>Luchino Visconti<\/strong>, en el cincuentenario de su fallecimiento, as\u00ed como la presencia del Secretario General de la Societ\u00e0 Dante Alighieri, <strong>Alessandro Masi<\/strong>, y del investigador y Procurador General Marco De Paolis, protagonista de un encuentro dedicado a la memoria hist\u00f3rica y la justicia.<\/p>\n<p>\u00a1Descubr\u00ed la programaci\u00f3n completa <a href=\"https:\/\/iicbuenosaires.esteri.it\/wp-content\/uploads\/2026\/04\/Calendario-Attivita-Fiera-IIC-BA_.pdf\">ac\u00e1!<\/a><\/p>\n","protected":false},"excerpt":{"rendered":"El Istituto Italiano di Cultura de Buenos Aires participa en la 50.\u00aa edici\u00f3n de la Feria Internacional del Libro de Buenos Aires con un stand concebido como un espacio din\u00e1mico de encuentro, descubrimiento y di\u00e1logo entre Italia y Argentina. El tema visual del stand ser\u00e1 Las aventuras de Pinocho, la c\u00e9lebre novela de Carlo Collodi, [&hellip;]","protected":false},"author":7,"featured_media":22521,"comment_status":"closed","ping_status":"closed","sticky":false,"template":"","format":"standard","meta":{"footnotes":""},"tags":[11],"class_list":["post-22527","post","type-post","status-publish","format-standard","has-post-thumbnail","hentry","tag-diplomazia-culturale"],"_links":{"self":[{"href":"https:\/\/iicbuenosaires.esteri.it\/es\/wp-json\/wp\/v2\/posts\/22527","targetHints":{"allow":["GET"]}}],"collection":[{"href":"https:\/\/iicbuenosaires.esteri.it\/es\/wp-json\/wp\/v2\/posts"}],"about":[{"href":"https:\/\/iicbuenosaires.esteri.it\/es\/wp-json\/wp\/v2\/types\/post"}],"author":[{"embeddable":true,"href":"https:\/\/iicbuenosaires.esteri.it\/es\/wp-json\/wp\/v2\/users\/7"}],"replies":[{"embeddable":true,"href":"https:\/\/iicbuenosaires.esteri.it\/es\/wp-json\/wp\/v2\/comments?post=22527"}],"version-history":[{"count":6,"href":"https:\/\/iicbuenosaires.esteri.it\/es\/wp-json\/wp\/v2\/posts\/22527\/revisions"}],"predecessor-version":[{"id":22566,"href":"https:\/\/iicbuenosaires.esteri.it\/es\/wp-json\/wp\/v2\/posts\/22527\/revisions\/22566"}],"wp:featuredmedia":[{"embeddable":true,"href":"https:\/\/iicbuenosaires.esteri.it\/es\/wp-json\/wp\/v2\/media\/22521"}],"wp:attachment":[{"href":"https:\/\/iicbuenosaires.esteri.it\/es\/wp-json\/wp\/v2\/media?parent=22527"}],"wp:term":[{"taxonomy":"post_tag","embeddable":true,"href":"https:\/\/iicbuenosaires.esteri.it\/es\/wp-json\/wp\/v2\/tags?post=22527"}],"curies":[{"name":"wp","href":"https:\/\/api.w.org\/{rel}","templated":true}]}}