{"id":7918,"date":"2024-05-23T16:33:04","date_gmt":"2024-05-23T14:33:04","guid":{"rendered":"https:\/\/iicbuenosaires.esteri.it\/?p=7918"},"modified":"2024-06-12T19:26:20","modified_gmt":"2024-06-12T17:26:20","slug":"millumino-dimmenso-premio-internacional-de-traduccion-de-poesia-del-italiano-al-espanol","status":"publish","type":"post","link":"https:\/\/iicbuenosaires.esteri.it\/es\/news\/dall_istituto\/2024\/05\/millumino-dimmenso-premio-internacional-de-traduccion-de-poesia-del-italiano-al-espanol\/","title":{"rendered":"M\u2019ILLUMINO \/ D\u2019IMMENSO Premio Internacional de Traducci\u00f3n de Poes\u00eda"},"content":{"rendered":"<p style=\"margin-top: 0cm; background: white;\"><span style=\"font-size: 13.5pt; font-family: 'Titillium Web'; color: #1a1a1a;\">Los <strong>Institutos Italianos de Cultura de Barcelona, Buenos Aires, Caracas, Ciudad de M\u00e9xico, Lima, Madrid y Montevideo<\/strong>, y el <strong>Laboratorio Tr\u0101d\u016bxit<\/strong>, bajo el patrocinio de <strong>Biblioteche di Roma<\/strong>, con el fin de fomentar la traducci\u00f3n y difusi\u00f3n de la poes\u00eda italiana y suizo-italiana en los pa\u00edses de habla hispana, convocan a la <b>s\u00e9ptima edici\u00f3n<\/b> de<\/span><\/p>\n<p style=\"margin-top: 0cm; text-align: center; background: white; box-sizing: border-box; margin-bottom: 1rem; font-variant-ligatures: normal; font-variant-caps: normal; orphans: 2; widows: 2; -webkit-text-stroke-width: 0px; text-decoration-thickness: initial; text-decoration-style: initial; text-decoration-color: initial; word-spacing: 0px;\" align=\"center\"><span style=\"font-size: 13.5pt; font-family: 'Titillium Web'; color: #1a1a1a;\"><span style=\"color: #0000ff;\"><strong>M\u2019ILLUMINO \/ D\u2019IMMENSO<\/strong><\/span><br \/>\n<strong>Premio Internacional de Traducci\u00f3n de Poes\u00eda del italiano al espa\u00f1ol<\/strong><\/span><\/p>\n<p style=\"margin-top: 0cm; background: white; box-sizing: border-box; margin-bottom: 1rem; font-variant-ligatures: normal; font-variant-caps: normal; orphans: 2; text-align: start; widows: 2; -webkit-text-stroke-width: 0px; text-decoration-thickness: initial; text-decoration-style: initial; text-decoration-color: initial; word-spacing: 0px;\"><span style=\"font-size: 13.5pt; font-family: 'Titillium Web'; color: #1a1a1a;\">En anexo la convocatoria<\/span><\/p>\n<p style=\"text-align: center;\">\u00a0 \u00a0 *\u00a0 \u00a0 \u00a0*\u00a0 \u00a0 \u00a0*\u00a0 \u00a0 \u00a0*\u00a0 \u00a0 \u00a0*<\/p>\n<p>La <strong>IILA (Organizzazione internazionale italo-latino americana)<\/strong>, los <strong>Institutos Italianos de Cultura de Barcelona, Buenos Aires, Caracas, Ciudad de M\u00e9xico, Lima, Madrid y Montevideo<\/strong>, y el Laboratorio <strong>Tr\u0101d\u016bxit<\/strong>, bajo el patrocinio de <strong>Biblioteche di Roma<\/strong>, con el fin de fomentar la traducci\u00f3n y difusi\u00f3n de la poes\u00eda en lengua espa\u00f1ola en Italia, convocan a la segunda edici\u00f3n de<\/p>\n<p style=\"text-align: center;\"><span style=\"color: #0000ff;\"><strong>M\u2019ILLUMINO \/ D\u2019IMMENSO<\/strong><\/span><br \/>\n<strong>Premio Internacional de Traducci\u00f3n de Poes\u00eda del espa\u00f1ol al italiano<\/strong><\/p>\n<p>En anexo la convocatoria<\/p>\n<p style=\"margin-top: 0cm; background: white; text-align: center;\">*\u00a0 \u00a0 \u00a0*\u00a0 \u00a0 \u00a0*\u00a0 \u00a0 \u00a0*\u00a0 \u00a0 \u00a0*<\/p>\n","protected":false},"excerpt":{"rendered":"Los Institutos Italianos de Cultura de Barcelona, Buenos Aires, Caracas, Ciudad de M\u00e9xico, Lima, Madrid y Montevideo, y el Laboratorio Tr\u0101d\u016bxit, bajo el patrocinio de Biblioteche di Roma, con el fin de fomentar la traducci\u00f3n y difusi\u00f3n de la poes\u00eda italiana y suizo-italiana en los pa\u00edses de habla hispana, convocan a la s\u00e9ptima edici\u00f3n de [&hellip;]","protected":false},"author":4,"featured_media":7917,"comment_status":"closed","ping_status":"closed","sticky":false,"template":"","format":"standard","meta":{"footnotes":""},"tags":[11,7,4],"class_list":["post-7918","post","type-post","status-publish","format-standard","has-post-thumbnail","hentry","tag-diplomazia-culturale","tag-italiani-nel-mondo","tag-vivere-allitaliana"],"_links":{"self":[{"href":"https:\/\/iicbuenosaires.esteri.it\/es\/wp-json\/wp\/v2\/posts\/7918","targetHints":{"allow":["GET"]}}],"collection":[{"href":"https:\/\/iicbuenosaires.esteri.it\/es\/wp-json\/wp\/v2\/posts"}],"about":[{"href":"https:\/\/iicbuenosaires.esteri.it\/es\/wp-json\/wp\/v2\/types\/post"}],"author":[{"embeddable":true,"href":"https:\/\/iicbuenosaires.esteri.it\/es\/wp-json\/wp\/v2\/users\/4"}],"replies":[{"embeddable":true,"href":"https:\/\/iicbuenosaires.esteri.it\/es\/wp-json\/wp\/v2\/comments?post=7918"}],"version-history":[{"count":3,"href":"https:\/\/iicbuenosaires.esteri.it\/es\/wp-json\/wp\/v2\/posts\/7918\/revisions"}],"predecessor-version":[{"id":8332,"href":"https:\/\/iicbuenosaires.esteri.it\/es\/wp-json\/wp\/v2\/posts\/7918\/revisions\/8332"}],"wp:featuredmedia":[{"embeddable":true,"href":"https:\/\/iicbuenosaires.esteri.it\/es\/wp-json\/wp\/v2\/media\/7917"}],"wp:attachment":[{"href":"https:\/\/iicbuenosaires.esteri.it\/es\/wp-json\/wp\/v2\/media?parent=7918"}],"wp:term":[{"taxonomy":"post_tag","embeddable":true,"href":"https:\/\/iicbuenosaires.esteri.it\/es\/wp-json\/wp\/v2\/tags?post=7918"}],"curies":[{"name":"wp","href":"https:\/\/api.w.org\/{rel}","templated":true}]}}