{"id":7912,"date":"2024-05-23T16:33:04","date_gmt":"2024-05-23T14:33:04","guid":{"rendered":"https:\/\/iicbuenosaires.esteri.it\/?p=7912"},"modified":"2024-06-12T19:14:35","modified_gmt":"2024-06-12T17:14:35","slug":"millumino-dimmenso-premio-internazionale-di-traduzione-di-poesia-dallitaliano-allo-spagnolo","status":"publish","type":"post","link":"https:\/\/iicbuenosaires.esteri.it\/it\/news\/dall_istituto\/2024\/05\/millumino-dimmenso-premio-internazionale-di-traduzione-di-poesia-dallitaliano-allo-spagnolo\/","title":{"rendered":"M\u2019ILLUMINO \/ D\u2019IMMENSO Premio Internazionale di Traduzione di Poesia"},"content":{"rendered":"<p>Gli <strong>Istituti Italiani di Cultura<\/strong> <strong>di Barcellona, Buenos Aires, Caracas, Citt\u00e0 del Messico, Lima, Madrid e Montevideo<\/strong>, e il <strong>Laboratorio Tr\u0101d\u016bxit<\/strong>, con il patrocinio di <strong>Biblioteche di Roma<\/strong>, al fine di promuovere la traduzione e la diffusione della poesia italiana e svizzero-italiana nei paesi di lingua spagnola, bandiscono la <strong>settima edizione <\/strong>di<\/p>\n<p style=\"text-align: center;\"><span style=\"color: #333333;\"><strong>M\u2019ILLUMINO \/ D\u2019IMMENSO<\/strong><\/span><br \/>\n<span style=\"color: #0000ff;\"><strong>Premio Internazionale di Traduzione di Poesia dall\u2019italiano allo spagnolo<\/strong><\/span><\/p>\n<p>In allegato il bando<\/p>\n<p style=\"text-align: center;\">\u00a0 *\u00a0 \u00a0 \u00a0*\u00a0 \u00a0 \u00a0*\u00a0 \u00a0 \u00a0*\u00a0 \u00a0 \u00a0*<\/p>\n<p>L\u2019<strong>IILA (Organizzazione internazionale italo-latino americana)<\/strong>, gli <strong>Istituti Italiani di Cultura di Barcellona, Buenos Aires, Caracas, Citt\u00e0 del Messico, Lima, Madrid e Montevideo<\/strong>, e il <strong>Laboratorio Tr\u0101d\u016bxit<\/strong>, con il patrocinio di <strong>Biblioteche di Roma<\/strong>, al fine di promuovere la traduzione e la diffusione della poesia in lingua spagnola in Italia, bandiscono la seconda edizione di<\/p>\n<p style=\"text-align: center;\"><span style=\"color: #0000ff;\"><strong><span style=\"color: #333333;\">M\u2019ILLUMINO \/ D\u2019IMMENSO<\/span><br \/>\n<\/strong><strong>Premio Internazionale di Traduzione di Poesia dallo spagnolo all\u2019italiano<\/strong><\/span><\/p>\n<p>In allegato il bando<\/p>\n","protected":false},"excerpt":{"rendered":"Gli Istituti Italiani di Cultura di Barcellona, Buenos Aires, Caracas, Citt\u00e0 del Messico, Lima, Madrid e Montevideo, e il Laboratorio Tr\u0101d\u016bxit, con il patrocinio di Biblioteche di Roma, al fine di promuovere la traduzione e la diffusione della poesia italiana e svizzero-italiana nei paesi di lingua spagnola, bandiscono la settima edizione di M\u2019ILLUMINO \/ D\u2019IMMENSO [&hellip;]","protected":false},"author":4,"featured_media":7917,"comment_status":"closed","ping_status":"closed","sticky":false,"template":"","format":"standard","meta":{"footnotes":""},"tags":[11,7,4],"class_list":["post-7912","post","type-post","status-publish","format-standard","has-post-thumbnail","hentry","tag-diplomazia-culturale","tag-italiani-nel-mondo","tag-vivere-allitaliana"],"_links":{"self":[{"href":"https:\/\/iicbuenosaires.esteri.it\/it\/wp-json\/wp\/v2\/posts\/7912","targetHints":{"allow":["GET"]}}],"collection":[{"href":"https:\/\/iicbuenosaires.esteri.it\/it\/wp-json\/wp\/v2\/posts"}],"about":[{"href":"https:\/\/iicbuenosaires.esteri.it\/it\/wp-json\/wp\/v2\/types\/post"}],"author":[{"embeddable":true,"href":"https:\/\/iicbuenosaires.esteri.it\/it\/wp-json\/wp\/v2\/users\/4"}],"replies":[{"embeddable":true,"href":"https:\/\/iicbuenosaires.esteri.it\/it\/wp-json\/wp\/v2\/comments?post=7912"}],"version-history":[{"count":4,"href":"https:\/\/iicbuenosaires.esteri.it\/it\/wp-json\/wp\/v2\/posts\/7912\/revisions"}],"predecessor-version":[{"id":8326,"href":"https:\/\/iicbuenosaires.esteri.it\/it\/wp-json\/wp\/v2\/posts\/7912\/revisions\/8326"}],"wp:featuredmedia":[{"embeddable":true,"href":"https:\/\/iicbuenosaires.esteri.it\/it\/wp-json\/wp\/v2\/media\/7917"}],"wp:attachment":[{"href":"https:\/\/iicbuenosaires.esteri.it\/it\/wp-json\/wp\/v2\/media?parent=7912"}],"wp:term":[{"taxonomy":"post_tag","embeddable":true,"href":"https:\/\/iicbuenosaires.esteri.it\/it\/wp-json\/wp\/v2\/tags?post=7912"}],"curies":[{"name":"wp","href":"https:\/\/api.w.org\/{rel}","templated":true}]}}